{"id":23044,"date":"2021-01-22T11:13:51","date_gmt":"2021-01-22T10:13:51","guid":{"rendered":"https:\/\/torclum.com\/cata-de-verano-en-can-batlle\/"},"modified":"2024-08-20T11:59:02","modified_gmt":"2024-08-20T09:59:02","slug":"cata-de-verano-en-can-batlle-2021","status":"publish","type":"post","link":"https:\/\/torclum.com\/es\/cata-de-verano-en-can-batlle-2021\/","title":{"rendered":"Cata de verano en Can Batlle"},"content":{"rendered":"\t\t<div data-elementor-type=\"wp-post\" data-elementor-id=\"23044\" class=\"elementor elementor-23044 elementor-23042\" data-elementor-post-type=\"post\">\n\t\t\t\t\t\t<section class=\"elementor-section elementor-top-section elementor-element elementor-element-7dd2033 elementor-section-boxed elementor-section-height-default elementor-section-height-default\" data-id=\"7dd2033\" data-element_type=\"section\" data-e-type=\"section\">\r\n\t\t\t\t\t\t<div class=\"elementor-container elementor-column-gap-thegem\"><div class=\"elementor-row\">\r\n\t\t\t\t\t<div class=\"elementor-column elementor-col-100 elementor-top-column elementor-element elementor-element-72110ab\" data-id=\"72110ab\" data-element_type=\"column\" data-e-type=\"column\">\n\t\t\t<div class=\"elementor-widget-wrap elementor-element-populated\">\n\t\t\t\t\t\t<div class=\"elementor-element elementor-element-b22e8d7 flex-horizontal-align-default flex-horizontal-align-tablet-default flex-horizontal-align-mobile-default flex-vertical-align-default flex-vertical-align-tablet-default flex-vertical-align-mobile-default elementor-widget elementor-widget-text-editor\" data-id=\"b22e8d7\" data-element_type=\"widget\" data-e-type=\"widget\" data-widget_type=\"text-editor.default\">\n\t\t\t\t<div class=\"elementor-widget-container\">\n\t\t\t\t\t\t\t\t\t\t\t\t<div class=\"elementor-text-editor elementor-clearfix\">\r\n\t\t\t\t\t\t<p>El pr\u00f3ximo viernes 2 de julio hemos preparado una cata de verano en Can Batlle con los amigos de Terra i Taula y no te la puedes perder!<\/p>\n\t\t\t\t\t\t\t<\/div>\r\n\t\t\t\t\t\t\t\t\t\t<\/div>\n\t\t\t\t<\/div>\n\t\t\t\t<div class=\"elementor-element elementor-element-082b759 flex-horizontal-align-default flex-horizontal-align-tablet-default flex-horizontal-align-mobile-default flex-vertical-align-default flex-vertical-align-tablet-default flex-vertical-align-mobile-default elementor-widget elementor-widget-text-editor\" data-id=\"082b759\" data-element_type=\"widget\" data-e-type=\"widget\" data-widget_type=\"text-editor.default\">\n\t\t\t\t<div class=\"elementor-widget-container\">\n\t\t\t\t\t\t\t\t\t\t\t\t<div class=\"elementor-text-editor elementor-clearfix\">\r\n\t\t\t\t\t\tDa la bienvenida al verano disfrutando de la naturaleza y los productos de proximidad del Pened\u00e8s!\t\t\t\t\t\t\t<\/div>\r\n\t\t\t\t\t\t\t\t\t\t<\/div>\n\t\t\t\t<\/div>\n\t\t\t\t\t<\/div>\n\t\t<\/div>\n\t\t\t\t\t<\/div><\/div>\r\n\t\t<\/section>\r\n\t\t\t\t<section class=\"elementor-section elementor-top-section elementor-element elementor-element-3d869dc elementor-section-content-middle elementor-section-boxed elementor-section-height-default elementor-section-height-default\" data-id=\"3d869dc\" data-element_type=\"section\" data-e-type=\"section\">\r\n\t\t\t\t\t\t<div class=\"elementor-container elementor-column-gap-thegem\"><div class=\"elementor-row\">\r\n\t\t\t\t\t<div class=\"elementor-column elementor-col-100 elementor-top-column elementor-element elementor-element-fdf0a22\" data-id=\"fdf0a22\" data-element_type=\"column\" data-e-type=\"column\">\n\t\t\t<div class=\"elementor-widget-wrap elementor-element-populated\">\n\t\t\t\t\t\t<div class=\"elementor-element elementor-element-b8fb240 flex-horizontal-align-default flex-horizontal-align-tablet-default flex-horizontal-align-mobile-default flex-vertical-align-default flex-vertical-align-tablet-default flex-vertical-align-mobile-default elementor-widget elementor-widget-text-editor\" data-id=\"b8fb240\" data-element_type=\"widget\" data-e-type=\"widget\" data-widget_type=\"text-editor.default\">\n\t\t\t\t<div class=\"elementor-widget-container\">\n\t\t\t\t\t\t\t\t\t\t\t\t<div class=\"elementor-text-editor elementor-clearfix\">\r\n\t\t\t\t\t\t<p>Empezaremos con una copa de vino rosado de <strong>Can Batlle<\/strong> como bienvenida a este fant\u00e1stico entorno. A continuaci\u00f3n daremos un paseo entre los vi\u00f1edos para conocer un poco m\u00e1s sobre esta mas\u00eda y disfrutar de la naturaleza al caer el sol. Terminaremos el paseo realizando una cata de aceite que nos permitir\u00e1 descubrir los productos <strong>Torclum<\/strong> que son de primera calidad y de km0, y nos har\u00e1 abrir boca para las catas que nos preparar\u00e1n los amigos de <strong>Terra i Taula<\/strong>.<\/p>\n\t\t\t\t\t\t\t<\/div>\r\n\t\t\t\t\t\t\t\t\t\t<\/div>\n\t\t\t\t<\/div>\n\t\t\t\t\t<\/div>\n\t\t<\/div>\n\t\t\t\t\t<\/div><\/div>\r\n\t\t<\/section>\r\n\t\t\t\t<section class=\"elementor-section elementor-top-section elementor-element elementor-element-52978a9 elementor-section-boxed elementor-section-height-default elementor-section-height-default\" data-id=\"52978a9\" data-element_type=\"section\" data-e-type=\"section\">\r\n\t\t\t\t\t\t<div class=\"elementor-container elementor-column-gap-thegem\"><div class=\"elementor-row\">\r\n\t\t\t\t\t<div class=\"elementor-column elementor-col-33 elementor-top-column elementor-element elementor-element-128e452\" data-id=\"128e452\" data-element_type=\"column\" data-e-type=\"column\">\n\t\t\t<div class=\"elementor-widget-wrap elementor-element-populated\">\n\t\t\t\t\t\t<div class=\"elementor-element elementor-element-1227bed flex-horizontal-align-default flex-horizontal-align-tablet-default flex-horizontal-align-mobile-default flex-vertical-align-default flex-vertical-align-tablet-default flex-vertical-align-mobile-default elementor-widget elementor-widget-image\" data-id=\"1227bed\" data-element_type=\"widget\" data-e-type=\"widget\" data-widget_type=\"image.default\">\n\t\t\t\t<div class=\"elementor-widget-container\">\n\t\t\t\t\t\t\t\t\t\t\t\t\t\t\t<img src=\"https:\/\/torclum.com\/wp-content\/uploads\/elementor\/thumbs\/TOR-Can-Batlle-min-qnnphxzw9rqqtd7guyp739r6aq28w5os1lmvp2f43s.webp\" title=\"TOR-Can-Batlle-min\" alt=\"Can Batlle\" loading=\"lazy\" \/>\t\t\t\t\t\t\t\t\t\t\t\t\t\t\t<\/div>\n\t\t\t\t<\/div>\n\t\t\t\t\t<\/div>\n\t\t<\/div>\n\t\t\t\t<div class=\"elementor-column elementor-col-33 elementor-top-column elementor-element elementor-element-1073a6e\" data-id=\"1073a6e\" data-element_type=\"column\" data-e-type=\"column\">\n\t\t\t<div class=\"elementor-widget-wrap elementor-element-populated\">\n\t\t\t\t\t\t<div class=\"elementor-element elementor-element-3f7d916 flex-horizontal-align-default flex-horizontal-align-tablet-default flex-horizontal-align-mobile-default flex-vertical-align-default flex-vertical-align-tablet-default flex-vertical-align-mobile-default elementor-widget elementor-widget-image\" data-id=\"3f7d916\" data-element_type=\"widget\" data-e-type=\"widget\" data-widget_type=\"image.default\">\n\t\t\t\t<div class=\"elementor-widget-container\">\n\t\t\t\t\t\t\t\t\t\t\t\t\t\t\t<img src=\"https:\/\/torclum.com\/wp-content\/uploads\/elementor\/thumbs\/TOR-Can-Batlle-Experience-min-qnnphyxqgls14z63ph3tnrimw3xm3usidqad6cdpxk.webp\" title=\"TOR-Can-Batlle-Experience-min\" alt=\"Can Batlle\" loading=\"lazy\" \/>\t\t\t\t\t\t\t\t\t\t\t\t\t\t\t<\/div>\n\t\t\t\t<\/div>\n\t\t\t\t\t<\/div>\n\t\t<\/div>\n\t\t\t\t<div class=\"elementor-column elementor-col-33 elementor-top-column elementor-element elementor-element-ae221a4\" data-id=\"ae221a4\" data-element_type=\"column\" data-e-type=\"column\">\n\t\t\t<div class=\"elementor-widget-wrap elementor-element-populated\">\n\t\t\t\t\t\t<div class=\"elementor-element elementor-element-4ca8d76 flex-horizontal-align-default flex-horizontal-align-tablet-default flex-horizontal-align-mobile-default flex-vertical-align-default flex-vertical-align-tablet-default flex-vertical-align-mobile-default elementor-widget elementor-widget-image\" data-id=\"4ca8d76\" data-element_type=\"widget\" data-e-type=\"widget\" data-widget_type=\"image.default\">\n\t\t\t\t<div class=\"elementor-widget-container\">\n\t\t\t\t\t\t\t\t\t\t\t\t\t\t\t<img src=\"https:\/\/torclum.com\/wp-content\/uploads\/elementor\/thumbs\/TOR-Tast-Can-Batlle-min-qnnphxzw9rqqtd7guyp739r6aq28w5os1lmvp2f43s.webp\" title=\"TOR-Tast-Can-Batlle-min\" alt=\"Can Batlle\" loading=\"lazy\" \/>\t\t\t\t\t\t\t\t\t\t\t\t\t\t\t<\/div>\n\t\t\t\t<\/div>\n\t\t\t\t\t<\/div>\n\t\t<\/div>\n\t\t\t\t\t<\/div><\/div>\r\n\t\t<\/section>\r\n\t\t\t\t<section class=\"elementor-section elementor-top-section elementor-element elementor-element-7911f62 elementor-section-boxed elementor-section-height-default elementor-section-height-default\" data-id=\"7911f62\" data-element_type=\"section\" data-e-type=\"section\">\r\n\t\t\t\t\t\t<div class=\"elementor-container elementor-column-gap-thegem\"><div class=\"elementor-row\">\r\n\t\t\t\t\t<div class=\"elementor-column elementor-col-100 elementor-top-column elementor-element elementor-element-eb7e5ec\" data-id=\"eb7e5ec\" data-element_type=\"column\" data-e-type=\"column\">\n\t\t\t<div class=\"elementor-widget-wrap elementor-element-populated\">\n\t\t\t\t\t\t<div class=\"elementor-element elementor-element-671ea5e flex-horizontal-align-default flex-horizontal-align-tablet-default flex-horizontal-align-mobile-default flex-vertical-align-default flex-vertical-align-tablet-default flex-vertical-align-mobile-default elementor-widget elementor-widget-text-editor\" data-id=\"671ea5e\" data-element_type=\"widget\" data-e-type=\"widget\" data-widget_type=\"text-editor.default\">\n\t\t\t\t<div class=\"elementor-widget-container\">\n\t\t\t\t\t\t\t\t\t\t\t\t<div class=\"elementor-text-editor elementor-clearfix\">\r\n\t\t\t\t\t\tY es que para disfrutar de lo mejor de nuestro territorio degustaremos:\t\t\t\t\t\t\t<\/div>\r\n\t\t\t\t\t\t\t\t\t\t<\/div>\n\t\t\t\t<\/div>\n\t\t\t\t<div class=\"elementor-element elementor-element-39181dd flex-horizontal-align-default flex-horizontal-align-tablet-default flex-horizontal-align-mobile-default flex-vertical-align-default flex-vertical-align-tablet-default flex-vertical-align-mobile-default elementor-widget elementor-widget-text-editor\" data-id=\"39181dd\" data-element_type=\"widget\" data-e-type=\"widget\" data-widget_type=\"text-editor.default\">\n\t\t\t\t<div class=\"elementor-widget-container\">\n\t\t\t\t\t\t\t\t\t\t\t\t<div class=\"elementor-text-editor elementor-clearfix\">\r\n\t\t\t\t\t\t<p>Panecillo con avellanas de <strong>La Trencadora<\/strong> y aceite de oliva <strong>Torclum<\/strong> de <strong>Cal Badejo<\/strong>, pan de espelta y algarroba de <strong>Cal Badejo<\/strong>, Cl\u00e1sico salchich\u00f3n de harina de trigo de <strong>Cal Badejo<\/strong>, <strong>Pat\u00e9 Mallart<\/strong> de Gall del Pened\u00e8s, escabeche de ventresca de at\u00fan con aceite <strong>Torclum<\/strong> y pesto del Restaurante <strong>Ull de Llebre<\/strong>, torta de carpaccio de bacalao con aceite de ajo y perejil de <strong>L&#8217;Obrador de Oriol Rossell<\/strong>, boquerones con aceite de romero del <strong>Petit Bistr\u00f4<\/strong> y acabaremos con un toque dulce gracias a las trufas de pan con aceite <strong>Torclum<\/strong> y chocolate del <strong>Vell Papiol<\/strong>.<\/p>\n<p>Una cata que maridaremos con vino blanco y tinto de la misma <strong>Mas\u00eda Can Batlle<\/strong>.<\/p>\n\t\t\t\t\t\t\t<\/div>\r\n\t\t\t\t\t\t\t\t\t\t<\/div>\n\t\t\t\t<\/div>\n\t\t\t\t\t<\/div>\n\t\t<\/div>\n\t\t\t\t\t<\/div><\/div>\r\n\t\t<\/section>\r\n\t\t\t\t<section class=\"elementor-section elementor-top-section elementor-element elementor-element-d6a210d elementor-section-boxed elementor-section-height-default elementor-section-height-default\" data-id=\"d6a210d\" data-element_type=\"section\" data-e-type=\"section\">\r\n\t\t\t\t\t\t<div class=\"elementor-container elementor-column-gap-thegem\"><div class=\"elementor-row\">\r\n\t\t\t\t\t<div class=\"elementor-column elementor-col-100 elementor-top-column elementor-element elementor-element-685a547\" data-id=\"685a547\" data-element_type=\"column\" data-e-type=\"column\">\n\t\t\t<div class=\"elementor-widget-wrap elementor-element-populated\">\n\t\t\t\t\t\t<div class=\"elementor-element elementor-element-bf50de0 flex-horizontal-align-default flex-horizontal-align-tablet-default flex-horizontal-align-mobile-default flex-vertical-align-default flex-vertical-align-tablet-default flex-vertical-align-mobile-default elementor-widget elementor-widget-thegem-gallery-grid\" data-id=\"bf50de0\" data-element_type=\"widget\" data-e-type=\"widget\" data-settings=\"{&quot;thegem_elementor_preset&quot;:&quot;default&quot;,&quot;columns_desktop&quot;:&quot;3x&quot;,&quot;columns_tablet&quot;:&quot;2x&quot;,&quot;columns_mobile&quot;:&quot;1x&quot;,&quot;title_show&quot;:&quot;yes&quot;,&quot;description_show&quot;:&quot;yes&quot;,&quot;ajax_preloader_type&quot;:&quot;default&quot;,&quot;container_margin&quot;:{&quot;unit&quot;:&quot;px&quot;,&quot;size&quot;:16,&quot;sizes&quot;:[]},&quot;container_margin_tablet&quot;:{&quot;unit&quot;:&quot;px&quot;,&quot;size&quot;:&quot;&quot;,&quot;sizes&quot;:[]},&quot;container_margin_mobile&quot;:{&quot;unit&quot;:&quot;px&quot;,&quot;size&quot;:&quot;&quot;,&quot;sizes&quot;:[]}}\" data-widget_type=\"thegem-gallery-grid.default\">\n\t\t\t\t<div class=\"elementor-widget-container\">\n\t\t\t\t\t<div class=\"preloader save-space\"><div class=\"preloader-spin\"><\/div><\/div> <div class=\"gallery-preloader-wrapper\"> <div class=\"row\"> <div class=\"gem-gallery-grid gallery-style-metro hover-zoom-overlay metro metro-item-style-default without-padding columns-3 columns-tablet-2 columns-mobile-1 full-image \" data-uid=\"bf50de0\" data-hover=\"zoom-overlay\" data-filter=\"[]\"> <div class=\"portfolio not-fullwidth-block \"> <ul class=\"gallery-set clearfix\" data-max-row-height=\"380\"> <li class=\"gallery-item gallery-0 col-xs-12 col-sm-6 col-md-4 single-icon post-23044 post type-post status-publish format-standard has-post-thumbnail category-sense-categoria-es\" style=\"padding: calc(16px\/2); \"> <div class=\"wrap gem-wrapbox gem-wrapbox-style-default\"> <div class=\"overlay-wrap\"> <div class=\"image-wrap \"> <picture> <source srcset=\"https:\/\/torclum.com\/wp-content\/uploads\/2021\/05\/TOR-Panet-avellanes-Cal-Badejo-thegem-portfolio-metro-large.jpeg 1x, https:\/\/torclum.com\/wp-content\/uploads\/2021\/05\/TOR-Panet-avellanes-Cal-Badejo-thegem-portfolio-metro-retina.jpeg 2x\" media=\"(max-width: 767px)\" sizes=\"100vw\"> <source srcset=\"https:\/\/torclum.com\/wp-content\/uploads\/2021\/05\/TOR-Panet-avellanes-Cal-Badejo-thegem-portfolio-metro.jpeg 1x, https:\/\/torclum.com\/wp-content\/uploads\/2021\/05\/TOR-Panet-avellanes-Cal-Badejo-thegem-portfolio-metro-retina.jpeg 2x\" media=\"(max-width: 992px)\" sizes=\"100vw\"> <source srcset=\"https:\/\/torclum.com\/wp-content\/uploads\/2021\/05\/TOR-Panet-avellanes-Cal-Badejo-thegem-portfolio-metro.jpeg 1x, https:\/\/torclum.com\/wp-content\/uploads\/2021\/05\/TOR-Panet-avellanes-Cal-Badejo-thegem-portfolio-metro-retina.jpeg 2x\" sizes=\"100vw\"> <source srcset=\"https:\/\/torclum.com\/wp-content\/uploads\/2021\/05\/TOR-Panet-avellanes-Cal-Badejo-thegem-portfolio-metro-medium.jpeg 1x, https:\/\/torclum.com\/wp-content\/uploads\/2021\/05\/TOR-Panet-avellanes-Cal-Badejo-thegem-portfolio-metro-retina.jpeg 2x\" media=\"(min-width: 550px) and (max-width: 1100px)\" sizes=\"100vw\"> <img fetchpriority=\"high\" src=\"https:\/\/torclum.com\/wp-content\/uploads\/2021\/05\/TOR-Panet-avellanes-Cal-Badejo-thegem-portfolio-metro.jpeg\" width=\"666\" height=\"500\" class=\"attachment-thegem-portfolio-metro\" alt=\"Panet avellanes Cal Badejo\" title=\"\"> <\/picture> <\/div> <div class=\"overlay \"> <div class=\"overlay-circle\"><\/div> <a href=\"https:\/\/torclum.com\/wp-content\/uploads\/2021\/05\/TOR-Panet-avellanes-Cal-Badejo.jpeg\" class=\"gallery-item-link fancy-gallery\" data-fancybox=\"gallery-6a96e04973289\" data-elementor-open-lightbox=\"no\" aria-label=\"Fullsize Image: TOR - Panet avellanes Cal Badejo\"> <span class=\"slide-info\"> <span class=\"slide-info-title\"> PANET AMB AVELLANES DE LA TRENCADORA I OLI D\u2019OLIVA TORCLUM \u2013 CAL BADEJO <\/span> <\/span> <\/a> <div class=\"overlay-content\"> <div class=\"overlay-content-center\"> <div class=\"overlay-content-inner\"> <div class=\"title\"> PANET AMB AVELLANES DE LA TRENCADORA I OLI D\u2019OLIVA TORCLUM \u2013 CAL BADEJO <\/div> <\/div> <\/div> <\/div> <\/div> <\/div> <\/div> <\/li> <li class=\"gallery-item gallery-0 col-xs-12 col-sm-6 col-md-4 single-icon post-23044 post type-post status-publish format-standard has-post-thumbnail category-sense-categoria-es\" style=\"padding: calc(16px\/2); \"> <div class=\"wrap gem-wrapbox gem-wrapbox-style-default\"> <div class=\"overlay-wrap\"> <div class=\"image-wrap \"> <picture> <source srcset=\"https:\/\/torclum.com\/wp-content\/uploads\/2021\/06\/TOR-Pa-espelta-i-garrofa-thegem-portfolio-metro-large.jpeg 1x, https:\/\/torclum.com\/wp-content\/uploads\/2021\/06\/TOR-Pa-espelta-i-garrofa-thegem-portfolio-metro-retina.jpeg 2x\" media=\"(max-width: 767px)\" sizes=\"100vw\"> <source srcset=\"https:\/\/torclum.com\/wp-content\/uploads\/2021\/06\/TOR-Pa-espelta-i-garrofa-thegem-portfolio-metro.jpeg 1x, https:\/\/torclum.com\/wp-content\/uploads\/2021\/06\/TOR-Pa-espelta-i-garrofa-thegem-portfolio-metro-retina.jpeg 2x\" media=\"(max-width: 992px)\" sizes=\"100vw\"> <source srcset=\"https:\/\/torclum.com\/wp-content\/uploads\/2021\/06\/TOR-Pa-espelta-i-garrofa-thegem-portfolio-metro.jpeg 1x, https:\/\/torclum.com\/wp-content\/uploads\/2021\/06\/TOR-Pa-espelta-i-garrofa-thegem-portfolio-metro-retina.jpeg 2x\" sizes=\"100vw\"> <source srcset=\"https:\/\/torclum.com\/wp-content\/uploads\/2021\/06\/TOR-Pa-espelta-i-garrofa-thegem-portfolio-metro-medium.jpeg 1x, https:\/\/torclum.com\/wp-content\/uploads\/2021\/06\/TOR-Pa-espelta-i-garrofa-thegem-portfolio-metro-retina.jpeg 2x\" media=\"(min-width: 550px) and (max-width: 1100px)\" sizes=\"100vw\"> <img src=\"https:\/\/torclum.com\/wp-content\/uploads\/2021\/06\/TOR-Pa-espelta-i-garrofa-thegem-portfolio-metro.jpeg\" width=\"497\" height=\"500\" class=\"attachment-thegem-portfolio-metro\" alt=\"Pa espelta i garrofa\" title=\"\"> <\/picture> <\/div> <div class=\"overlay \"> <div class=\"overlay-circle\"><\/div> <a href=\"https:\/\/torclum.com\/wp-content\/uploads\/2021\/06\/TOR-Pa-espelta-i-garrofa.jpeg\" class=\"gallery-item-link fancy-gallery\" data-fancybox=\"gallery-6a96e04973289\" data-elementor-open-lightbox=\"no\" aria-label=\"Fullsize Image: TOR - Pa espelta i garrofa\"> <span class=\"slide-info\"> <span class=\"slide-info-title\"> PA D\u2019ESPELTA I GARROFA \u2013 CAL BADEJO <\/span> <\/span> <\/a> <div class=\"overlay-content\"> <div class=\"overlay-content-center\"> <div class=\"overlay-content-inner\"> <div class=\"title\"> PA D\u2019ESPELTA I GARROFA \u2013 CAL BADEJO <\/div> <\/div> <\/div> <\/div> <\/div> <\/div> <\/div> <\/li> <li class=\"gallery-item gallery-0 col-xs-12 col-sm-6 col-md-4 single-icon post-23044 post type-post status-publish format-standard has-post-thumbnail category-sense-categoria-es\" style=\"padding: calc(16px\/2); \"> <div class=\"wrap gem-wrapbox gem-wrapbox-style-default\"> <div class=\"overlay-wrap\"> <div class=\"image-wrap \"> <picture> <source srcset=\"https:\/\/torclum.com\/wp-content\/uploads\/2021\/05\/TOR-Llonguet-Cal-Badejo-thegem-portfolio-metro-large.jpeg 1x, https:\/\/torclum.com\/wp-content\/uploads\/2021\/05\/TOR-Llonguet-Cal-Badejo-thegem-portfolio-metro-retina.jpeg 2x\" media=\"(max-width: 767px)\" sizes=\"100vw\"> <source srcset=\"https:\/\/torclum.com\/wp-content\/uploads\/2021\/05\/TOR-Llonguet-Cal-Badejo-thegem-portfolio-metro.jpeg 1x, https:\/\/torclum.com\/wp-content\/uploads\/2021\/05\/TOR-Llonguet-Cal-Badejo-thegem-portfolio-metro-retina.jpeg 2x\" media=\"(max-width: 992px)\" sizes=\"100vw\"> <source srcset=\"https:\/\/torclum.com\/wp-content\/uploads\/2021\/05\/TOR-Llonguet-Cal-Badejo-thegem-portfolio-metro.jpeg 1x, https:\/\/torclum.com\/wp-content\/uploads\/2021\/05\/TOR-Llonguet-Cal-Badejo-thegem-portfolio-metro-retina.jpeg 2x\" sizes=\"100vw\"> <source srcset=\"https:\/\/torclum.com\/wp-content\/uploads\/2021\/05\/TOR-Llonguet-Cal-Badejo-thegem-portfolio-metro-medium.jpeg 1x, https:\/\/torclum.com\/wp-content\/uploads\/2021\/05\/TOR-Llonguet-Cal-Badejo-thegem-portfolio-metro-retina.jpeg 2x\" media=\"(min-width: 550px) and (max-width: 1100px)\" sizes=\"100vw\"> <img src=\"https:\/\/torclum.com\/wp-content\/uploads\/2021\/05\/TOR-Llonguet-Cal-Badejo-thegem-portfolio-metro.jpeg\" width=\"375\" height=\"500\" class=\"attachment-thegem-portfolio-metro\" alt=\"Llong\" title=\"\"> <\/picture> <\/div> <div class=\"overlay \"> <div class=\"overlay-circle\"><\/div> <a href=\"https:\/\/torclum.com\/wp-content\/uploads\/2021\/05\/TOR-Llonguet-Cal-Badejo.jpeg\" class=\"gallery-item-link fancy-gallery\" data-fancybox=\"gallery-6a96e04973289\" data-elementor-open-lightbox=\"no\" aria-label=\"Fullsize Image: TOR - Llonguet Cal Badejo\"> <span class=\"slide-info\"> <span class=\"slide-info-title\"> CL\u00c0SSIC LLONGUET DE FARINA DE BLAT \u2013 CAL BADEJO <\/span> <\/span> <\/a> <div class=\"overlay-content\"> <div class=\"overlay-content-center\"> <div class=\"overlay-content-inner\"> <div class=\"title\"> CL\u00c0SSIC LLONGUET DE FARINA DE BLAT \u2013 CAL BADEJO <\/div> <\/div> <\/div> <\/div> <\/div> <\/div> <\/div> <\/li> <li class=\"gallery-item gallery-0 col-xs-12 col-sm-6 col-md-4 single-icon post-23044 post type-post status-publish format-standard has-post-thumbnail category-sense-categoria-es\" style=\"padding: calc(16px\/2); \"> <div class=\"wrap gem-wrapbox gem-wrapbox-style-default\"> <div class=\"overlay-wrap\"> <div class=\"image-wrap \"> <picture> <source srcset=\"https:\/\/torclum.com\/wp-content\/uploads\/2021\/06\/TOR-Pate-Mallart-min-thegem-portfolio-metro-large.jpg 1x, https:\/\/torclum.com\/wp-content\/uploads\/2021\/06\/TOR-Pate-Mallart-min-thegem-portfolio-metro-retina.jpg 2x\" media=\"(max-width: 767px)\" sizes=\"100vw\"> <source srcset=\"https:\/\/torclum.com\/wp-content\/uploads\/2021\/06\/TOR-Pate-Mallart-min-thegem-portfolio-metro.jpg 1x, https:\/\/torclum.com\/wp-content\/uploads\/2021\/06\/TOR-Pate-Mallart-min-thegem-portfolio-metro-retina.jpg 2x\" media=\"(max-width: 992px)\" sizes=\"100vw\"> <source srcset=\"https:\/\/torclum.com\/wp-content\/uploads\/2021\/06\/TOR-Pate-Mallart-min-thegem-portfolio-metro.jpg 1x, https:\/\/torclum.com\/wp-content\/uploads\/2021\/06\/TOR-Pate-Mallart-min-thegem-portfolio-metro-retina.jpg 2x\" sizes=\"100vw\"> <source srcset=\"https:\/\/torclum.com\/wp-content\/uploads\/2021\/06\/TOR-Pate-Mallart-min-thegem-portfolio-metro-medium.jpg 1x, https:\/\/torclum.com\/wp-content\/uploads\/2021\/06\/TOR-Pate-Mallart-min-thegem-portfolio-metro-retina.jpg 2x\" media=\"(min-width: 550px) and (max-width: 1100px)\" sizes=\"100vw\"> <img loading=\"lazy\" src=\"https:\/\/torclum.com\/wp-content\/uploads\/2021\/06\/TOR-Pate-Mallart-min-thegem-portfolio-metro.jpg\" width=\"666\" height=\"500\" class=\"attachment-thegem-portfolio-metro\" alt=\"Pate Mallart\" title=\"\"> <\/picture> <\/div> <div class=\"overlay \"> <div class=\"overlay-circle\"><\/div> <a href=\"https:\/\/torclum.com\/wp-content\/uploads\/2021\/06\/TOR-Pate-Mallart-min.jpg\" class=\"gallery-item-link fancy-gallery\" data-fancybox=\"gallery-6a96e04973289\" data-elementor-open-lightbox=\"no\" aria-label=\"Fullsize Image: TOR - Pate Mallart-min\"> <span class=\"slide-info\"> <span class=\"slide-info-title\"> PAT\u00c9 MALLART DE GALL DEL PENED\u00c8S <\/span> <\/span> <\/a> <div class=\"overlay-content\"> <div class=\"overlay-content-center\"> <div class=\"overlay-content-inner\"> <div class=\"title\"> PAT\u00c9 MALLART DE GALL DEL PENED\u00c8S <\/div> <\/div> <\/div> <\/div> <\/div> <\/div> <\/div> <\/li> <li class=\"gallery-item gallery-0 col-xs-12 col-sm-6 col-md-4 single-icon post-23044 post type-post status-publish format-standard has-post-thumbnail category-sense-categoria-es\" style=\"padding: calc(16px\/2); \"> <div class=\"wrap gem-wrapbox gem-wrapbox-style-default\"> <div class=\"overlay-wrap\"> <div class=\"image-wrap \"> <picture> <source srcset=\"https:\/\/torclum.com\/wp-content\/uploads\/2021\/07\/TOR-seitons-al-romani-thegem-portfolio-metro-large.jpg 1x, https:\/\/torclum.com\/wp-content\/uploads\/2021\/07\/TOR-seitons-al-romani-thegem-portfolio-metro-retina.jpg 2x\" media=\"(max-width: 767px)\" sizes=\"100vw\"> <source srcset=\"https:\/\/torclum.com\/wp-content\/uploads\/2021\/07\/TOR-seitons-al-romani-thegem-portfolio-metro.jpg 1x, https:\/\/torclum.com\/wp-content\/uploads\/2021\/07\/TOR-seitons-al-romani-thegem-portfolio-metro-retina.jpg 2x\" media=\"(max-width: 992px)\" sizes=\"100vw\"> <source srcset=\"https:\/\/torclum.com\/wp-content\/uploads\/2021\/07\/TOR-seitons-al-romani-thegem-portfolio-metro.jpg 1x, https:\/\/torclum.com\/wp-content\/uploads\/2021\/07\/TOR-seitons-al-romani-thegem-portfolio-metro-retina.jpg 2x\" sizes=\"100vw\"> <source srcset=\"https:\/\/torclum.com\/wp-content\/uploads\/2021\/07\/TOR-seitons-al-romani-thegem-portfolio-metro-medium.jpg 1x, https:\/\/torclum.com\/wp-content\/uploads\/2021\/07\/TOR-seitons-al-romani-thegem-portfolio-metro-retina.jpg 2x\" media=\"(min-width: 550px) and (max-width: 1100px)\" sizes=\"100vw\"> <img loading=\"lazy\" src=\"https:\/\/torclum.com\/wp-content\/uploads\/2021\/07\/TOR-seitons-al-romani-thegem-portfolio-metro.jpg\" width=\"375\" height=\"500\" class=\"attachment-thegem-portfolio-metro\" alt=\"seitons al romani\" title=\"\"> <\/picture> <\/div> <div class=\"overlay \"> <div class=\"overlay-circle\"><\/div> <a href=\"https:\/\/torclum.com\/wp-content\/uploads\/2021\/07\/TOR-seitons-al-romani.jpg\" class=\"gallery-item-link fancy-gallery\" data-fancybox=\"gallery-6a96e04973289\" data-elementor-open-lightbox=\"no\" aria-label=\"Fullsize Image: TOR---boquerones-al-romero\"> <span class=\"slide-info\"> <span class=\"slide-info-title\"> SEITONS AMB OLI DE ROMAN\u00cd \u2013 PETIT BISTRO <\/span> <\/span> <\/a> <div class=\"overlay-content\"> <div class=\"overlay-content-center\"> <div class=\"overlay-content-inner\"> <div class=\"title\"> SEITONS AMB OLI DE ROMAN\u00cd \u2013 PETIT BISTRO <\/div> <\/div> <\/div> <\/div> <\/div> <\/div> <\/div> <\/li> <li class=\"gallery-item gallery-0 col-xs-12 col-sm-6 col-md-4 single-icon post-23044 post type-post status-publish format-standard has-post-thumbnail category-sense-categoria-es\" style=\"padding: calc(16px\/2); \"> <div class=\"wrap gem-wrapbox gem-wrapbox-style-default\"> <div class=\"overlay-wrap\"> <div class=\"image-wrap \"> <picture> <source srcset=\"https:\/\/torclum.com\/wp-content\/uploads\/2021\/06\/TOR-Escabetx-de-ventresca-de-tonyina-amb-oli-Torclum-thegem-portfolio-metro-large.jpg 1x, https:\/\/torclum.com\/wp-content\/uploads\/2021\/06\/TOR-Escabetx-de-ventresca-de-tonyina-amb-oli-Torclum-thegem-portfolio-metro-retina.jpg 2x\" media=\"(max-width: 767px)\" sizes=\"100vw\"> <source srcset=\"https:\/\/torclum.com\/wp-content\/uploads\/2021\/06\/TOR-Escabetx-de-ventresca-de-tonyina-amb-oli-Torclum-thegem-portfolio-metro.jpg 1x, https:\/\/torclum.com\/wp-content\/uploads\/2021\/06\/TOR-Escabetx-de-ventresca-de-tonyina-amb-oli-Torclum-thegem-portfolio-metro-retina.jpg 2x\" media=\"(max-width: 992px)\" sizes=\"100vw\"> <source srcset=\"https:\/\/torclum.com\/wp-content\/uploads\/2021\/06\/TOR-Escabetx-de-ventresca-de-tonyina-amb-oli-Torclum-thegem-portfolio-metro.jpg 1x, https:\/\/torclum.com\/wp-content\/uploads\/2021\/06\/TOR-Escabetx-de-ventresca-de-tonyina-amb-oli-Torclum-thegem-portfolio-metro-retina.jpg 2x\" sizes=\"100vw\"> <source srcset=\"https:\/\/torclum.com\/wp-content\/uploads\/2021\/06\/TOR-Escabetx-de-ventresca-de-tonyina-amb-oli-Torclum-thegem-portfolio-metro-medium.jpg 1x, https:\/\/torclum.com\/wp-content\/uploads\/2021\/06\/TOR-Escabetx-de-ventresca-de-tonyina-amb-oli-Torclum-thegem-portfolio-metro-retina.jpg 2x\" media=\"(min-width: 550px) and (max-width: 1100px)\" sizes=\"100vw\"> <img loading=\"lazy\" src=\"https:\/\/torclum.com\/wp-content\/uploads\/2021\/06\/TOR-Escabetx-de-ventresca-de-tonyina-amb-oli-Torclum-thegem-portfolio-metro.jpg\" width=\"375\" height=\"500\" class=\"attachment-thegem-portfolio-metro\" alt=\"TOR Escabetx de ventresca de tonyina amb oli Torclum\" title=\"\"> <\/picture> <\/div> <div class=\"overlay \"> <div class=\"overlay-circle\"><\/div> <a href=\"https:\/\/torclum.com\/wp-content\/uploads\/2021\/06\/TOR-Escabetx-de-ventresca-de-tonyina-amb-oli-Torclum.jpg\" class=\"gallery-item-link fancy-gallery\" data-fancybox=\"gallery-6a96e04973289\" data-elementor-open-lightbox=\"no\" aria-label=\"Fullsize Image: TOR Escabetx de ventresca de tonyina amb oli Torclum\"> <span class=\"slide-info\"> <span class=\"slide-info-title\"> ESCABETX DE VENTRESCA DE TONYINA AMB OLI TORCLUM I PESTO \u2013 ULL DE LLEBRE <\/span> <\/span> <\/a> <div class=\"overlay-content\"> <div class=\"overlay-content-center\"> <div class=\"overlay-content-inner\"> <div class=\"title\"> ESCABETX DE VENTRESCA DE TONYINA AMB OLI TORCLUM I PESTO \u2013 ULL DE LLEBRE <\/div> <\/div> <\/div> <\/div> <\/div> <\/div> <\/div> <\/li> <li class=\"gallery-item gallery-0 col-xs-12 col-sm-6 col-md-4 single-icon post-23044 post type-post status-publish format-standard has-post-thumbnail category-sense-categoria-es\" style=\"padding: calc(16px\/2); \"> <div class=\"wrap gem-wrapbox gem-wrapbox-style-default\"> <div class=\"overlay-wrap\"> <div class=\"image-wrap \"> <picture> <source srcset=\"https:\/\/torclum.com\/wp-content\/uploads\/2021\/06\/TOR-coca-bacalla-Obrador-min-thegem-portfolio-metro-large.jpg 1x, https:\/\/torclum.com\/wp-content\/uploads\/2021\/06\/TOR-coca-bacalla-Obrador-min-thegem-portfolio-metro-retina.jpg 2x\" media=\"(max-width: 767px)\" sizes=\"100vw\"> <source srcset=\"https:\/\/torclum.com\/wp-content\/uploads\/2021\/06\/TOR-coca-bacalla-Obrador-min-thegem-portfolio-metro.jpg 1x, https:\/\/torclum.com\/wp-content\/uploads\/2021\/06\/TOR-coca-bacalla-Obrador-min-thegem-portfolio-metro-retina.jpg 2x\" media=\"(max-width: 992px)\" sizes=\"100vw\"> <source srcset=\"https:\/\/torclum.com\/wp-content\/uploads\/2021\/06\/TOR-coca-bacalla-Obrador-min-thegem-portfolio-metro.jpg 1x, https:\/\/torclum.com\/wp-content\/uploads\/2021\/06\/TOR-coca-bacalla-Obrador-min-thegem-portfolio-metro-retina.jpg 2x\" sizes=\"100vw\"> <source srcset=\"https:\/\/torclum.com\/wp-content\/uploads\/2021\/06\/TOR-coca-bacalla-Obrador-min-thegem-portfolio-metro-medium.jpg 1x, https:\/\/torclum.com\/wp-content\/uploads\/2021\/06\/TOR-coca-bacalla-Obrador-min-thegem-portfolio-metro-retina.jpg 2x\" media=\"(min-width: 550px) and (max-width: 1100px)\" sizes=\"100vw\"> <img loading=\"lazy\" src=\"https:\/\/torclum.com\/wp-content\/uploads\/2021\/06\/TOR-coca-bacalla-Obrador-min-thegem-portfolio-metro.jpg\" width=\"750\" height=\"500\" class=\"attachment-thegem-portfolio-metro\" alt=\"coca bacalla Obrador\" title=\"\"> <\/picture> <\/div> <div class=\"overlay \"> <div class=\"overlay-circle\"><\/div> <a href=\"https:\/\/torclum.com\/wp-content\/uploads\/2021\/06\/TOR-coca-bacalla-Obrador-min.jpg\" class=\"gallery-item-link fancy-gallery\" data-fancybox=\"gallery-6a96e04973289\" data-elementor-open-lightbox=\"no\" aria-label=\"Fullsize Image: TOR - coca bacalla Obrador-min\"> <span class=\"slide-info\"> <span class=\"slide-info-title\"> COCA DE CARPATXO DE BACALL\u00c0 AMB OLI D\u2019ALL I JULIVERT \u2013 L\u2019OBRADOR <\/span> <\/span> <\/a> <div class=\"overlay-content\"> <div class=\"overlay-content-center\"> <div class=\"overlay-content-inner\"> <div class=\"title\"> COCA DE CARPATXO DE BACALL\u00c0 AMB OLI D\u2019ALL I JULIVERT \u2013 L\u2019OBRADOR <\/div> <\/div> <\/div> <\/div> <\/div> <\/div> <\/div> <\/li> <li class=\"gallery-item gallery-0 col-xs-12 col-sm-6 col-md-4 single-icon post-23044 post type-post status-publish format-standard has-post-thumbnail category-sense-categoria-es\" style=\"padding: calc(16px\/2); \"> <div class=\"wrap gem-wrapbox gem-wrapbox-style-default\"> <div class=\"overlay-wrap\"> <div class=\"image-wrap \"> <picture> <source srcset=\"https:\/\/torclum.com\/wp-content\/uploads\/2021\/05\/TOR-Trufa-de-pa-Vell-Papiol-thegem-portfolio-metro-large.jpg 1x, https:\/\/torclum.com\/wp-content\/uploads\/2021\/05\/TOR-Trufa-de-pa-Vell-Papiol-thegem-portfolio-metro-retina.jpg 2x\" media=\"(max-width: 767px)\" sizes=\"100vw\"> <source srcset=\"https:\/\/torclum.com\/wp-content\/uploads\/2021\/05\/TOR-Trufa-de-pa-Vell-Papiol-thegem-portfolio-metro.jpg 1x, https:\/\/torclum.com\/wp-content\/uploads\/2021\/05\/TOR-Trufa-de-pa-Vell-Papiol-thegem-portfolio-metro-retina.jpg 2x\" media=\"(max-width: 992px)\" sizes=\"100vw\"> <source srcset=\"https:\/\/torclum.com\/wp-content\/uploads\/2021\/05\/TOR-Trufa-de-pa-Vell-Papiol-thegem-portfolio-metro.jpg 1x, https:\/\/torclum.com\/wp-content\/uploads\/2021\/05\/TOR-Trufa-de-pa-Vell-Papiol-thegem-portfolio-metro-retina.jpg 2x\" sizes=\"100vw\"> <source srcset=\"https:\/\/torclum.com\/wp-content\/uploads\/2021\/05\/TOR-Trufa-de-pa-Vell-Papiol-thegem-portfolio-metro-medium.jpg 1x, https:\/\/torclum.com\/wp-content\/uploads\/2021\/05\/TOR-Trufa-de-pa-Vell-Papiol-thegem-portfolio-metro-retina.jpg 2x\" media=\"(min-width: 550px) and (max-width: 1100px)\" sizes=\"100vw\"> <img loading=\"lazy\" src=\"https:\/\/torclum.com\/wp-content\/uploads\/2021\/05\/TOR-Trufa-de-pa-Vell-Papiol-thegem-portfolio-metro.jpg\" width=\"500\" height=\"500\" class=\"attachment-thegem-portfolio-metro\" alt=\"Trufa de pa Vell Papiol\" title=\"\"> <\/picture> <\/div> <div class=\"overlay \"> <div class=\"overlay-circle\"><\/div> <a href=\"https:\/\/torclum.com\/wp-content\/uploads\/2021\/05\/TOR-Trufa-de-pa-Vell-Papiol.jpg\" class=\"gallery-item-link fancy-gallery\" data-fancybox=\"gallery-6a96e04973289\" data-elementor-open-lightbox=\"no\" aria-label=\"Fullsize Image: TOR - Trufa de pa Vell Papiol\"> <span class=\"slide-info\"> <span class=\"slide-info-title\"> TRUFA DE PA AMB OLI TORCLUM I XOCOLATA \u2013 VELL PAPIOL <\/span> <\/span> <\/a> <div class=\"overlay-content\"> <div class=\"overlay-content-center\"> <div class=\"overlay-content-inner\"> <div class=\"title\"> TRUFA DE PA AMB OLI TORCLUM I XOCOLATA \u2013 VELL PAPIOL <\/div> <\/div> <\/div> <\/div> <\/div> <\/div> <\/div> <\/li> <\/ul> <div class=\"portfolio-item-size-container\"> <li class=\"gallery-item size-item col-xs-12 col-sm-6 col-md-4 post-23044 post type-post status-publish format-standard has-post-thumbnail category-sense-categoria-es\" style=\"padding: calc(16px\/2); \"> <\/li> <\/div> <\/div> <\/div> <\/div> <\/div>\t\t\t\t<\/div>\n\t\t\t\t<\/div>\n\t\t\t\t\t<\/div>\n\t\t<\/div>\n\t\t\t\t\t<\/div><\/div>\r\n\t\t<\/section>\r\n\t\t\t\t<section class=\"elementor-section elementor-top-section elementor-element elementor-element-7245ef1 elementor-section-content-middle elementor-section-boxed elementor-section-height-default elementor-section-height-default\" data-id=\"7245ef1\" data-element_type=\"section\" data-e-type=\"section\">\r\n\t\t\t\t\t\t<div class=\"elementor-container elementor-column-gap-thegem\"><div class=\"elementor-row\">\r\n\t\t\t\t\t<div class=\"elementor-column elementor-col-50 elementor-top-column elementor-element elementor-element-f75e0f5\" data-id=\"f75e0f5\" data-element_type=\"column\" data-e-type=\"column\">\n\t\t\t<div class=\"elementor-widget-wrap elementor-element-populated\">\n\t\t\t\t\t\t<div class=\"elementor-element elementor-element-53fb601 flex-horizontal-align-default flex-horizontal-align-tablet-default flex-horizontal-align-mobile-default flex-vertical-align-default flex-vertical-align-tablet-default flex-vertical-align-mobile-default elementor-widget elementor-widget-image\" data-id=\"53fb601\" data-element_type=\"widget\" data-e-type=\"widget\" data-widget_type=\"image.default\">\n\t\t\t\t<div class=\"elementor-widget-container\">\n\t\t\t\t\t\t\t\t\t\t\t\t\t\t\t\t<a href=\"https:\/\/torclum.com\/es\/cata-de-verano-en-can-batlle\/\">\n\t\t\t\t\t\t\t<img loading=\"lazy\" width=\"1080\" height=\"1080\" src=\"https:\/\/torclum.com\/wp-content\/uploads\/2021\/06\/TOR-tast-estiu-can-batlle.webp\" class=\"attachment-full size-full wp-image-13483\" alt=\"TOR - tast estiu can batlle\" srcset=\"https:\/\/torclum.com\/wp-content\/uploads\/2021\/06\/TOR-tast-estiu-can-batlle.webp 1080w, https:\/\/torclum.com\/wp-content\/uploads\/2021\/06\/TOR-tast-estiu-can-batlle-247x247.webp 247w, https:\/\/torclum.com\/wp-content\/uploads\/2021\/06\/TOR-tast-estiu-can-batlle-180x180.webp 180w, https:\/\/torclum.com\/wp-content\/uploads\/2021\/06\/TOR-tast-estiu-can-batlle-510x510.webp 510w, https:\/\/torclum.com\/wp-content\/uploads\/2021\/06\/TOR-tast-estiu-can-batlle-800x800.webp 800w, https:\/\/torclum.com\/wp-content\/uploads\/2021\/06\/TOR-tast-estiu-can-batlle-300x300.webp 300w, https:\/\/torclum.com\/wp-content\/uploads\/2021\/06\/TOR-tast-estiu-can-batlle-768x768.webp 768w, https:\/\/torclum.com\/wp-content\/uploads\/2021\/06\/TOR-tast-estiu-can-batlle-100x100.webp 100w\" sizes=\"(max-width: 1080px) 100vw, 1080px\" title=\"\">\t\t\t\t\t\t\t\t<\/a>\n\t\t\t\t\t\t\t\t\t\t\t\t\t\t\t<\/div>\n\t\t\t\t<\/div>\n\t\t\t\t\t<\/div>\n\t\t<\/div>\n\t\t\t\t<div class=\"elementor-column elementor-col-50 elementor-top-column elementor-element elementor-element-a1bd8c4\" data-id=\"a1bd8c4\" data-element_type=\"column\" data-e-type=\"column\">\n\t\t\t<div class=\"elementor-widget-wrap elementor-element-populated\">\n\t\t\t\t\t\t<div class=\"elementor-element elementor-element-19a8f40 flex-horizontal-align-default flex-horizontal-align-tablet-default flex-horizontal-align-mobile-default flex-vertical-align-default flex-vertical-align-tablet-default flex-vertical-align-mobile-default elementor-widget elementor-widget-text-editor\" data-id=\"19a8f40\" data-element_type=\"widget\" data-e-type=\"widget\" data-widget_type=\"text-editor.default\">\n\t\t\t\t<div class=\"elementor-widget-container\">\n\t\t\t\t\t\t\t\t\t\t\t\t<div class=\"elementor-text-editor elementor-clearfix\">\r\n\t\t\t\t\t\t<p>Cata de verano en Can Batlle<\/p>\n\t\t\t\t\t\t\t<\/div>\r\n\t\t\t\t\t\t\t\t\t\t<\/div>\n\t\t\t\t<\/div>\n\t\t\t\t<div class=\"elementor-element elementor-element-a9a6d2f flex-horizontal-align-default flex-horizontal-align-tablet-default flex-horizontal-align-mobile-default flex-vertical-align-default flex-vertical-align-tablet-default flex-vertical-align-mobile-default elementor-widget elementor-widget-text-editor\" data-id=\"a9a6d2f\" data-element_type=\"widget\" data-e-type=\"widget\" data-widget_type=\"text-editor.default\">\n\t\t\t\t<div class=\"elementor-widget-container\">\n\t\t\t\t\t\t\t\t\t\t\t\t<div class=\"elementor-text-editor elementor-clearfix\">\r\n\t\t\t\t\t\t<p><strong>FECHA<\/strong><\/p>\n<p>D\u00eda 2 de julio de 2021<\/p>\n<p>Hora: 19h<\/p>\n<p><strong>PRECIO<\/strong><\/p>\n<p>30\u20ac<\/p>\n<p><strong>ORGANIZA<\/strong><\/p>\n<p>Torclum y Can Batlle<\/p>\n<p><strong>LUGAR<\/strong><\/p>\n<p>Mas\u00eda Can Batlle, 08793 &#8211; Barcelona<\/p>\n\t\t\t\t\t\t\t<\/div>\r\n\t\t\t\t\t\t\t\t\t\t<\/div>\n\t\t\t\t<\/div>\n\t\t\t\t\t<\/div>\n\t\t<\/div>\n\t\t\t\t\t<\/div><\/div>\r\n\t\t<\/section>\r\n\t\t\t\t<\/div>\n\t\t","protected":false},"excerpt":{"rendered":"<p>Da la bienvenida al verano disfrutando de la naturaleza y los productos de proximidad del Pened\u00e8s!<\/p>\n","protected":false},"author":1679,"featured_media":8705,"comment_status":"closed","ping_status":"open","sticky":false,"template":"","format":"standard","meta":{"footnotes":""},"categories":[432],"tags":[],"class_list":["post-23044","post","type-post","status-publish","format-standard","has-post-thumbnail","category-sense-categoria-es"],"menu_order":0,"_links":{"self":[{"href":"https:\/\/torclum.com\/es\/wp-json\/wp\/v2\/posts\/23044","targetHints":{"allow":["GET"]}}],"collection":[{"href":"https:\/\/torclum.com\/es\/wp-json\/wp\/v2\/posts"}],"about":[{"href":"https:\/\/torclum.com\/es\/wp-json\/wp\/v2\/types\/post"}],"author":[{"embeddable":true,"href":"https:\/\/torclum.com\/es\/wp-json\/wp\/v2\/users\/1679"}],"replies":[{"embeddable":true,"href":"https:\/\/torclum.com\/es\/wp-json\/wp\/v2\/comments?post=23044"}],"version-history":[{"count":0,"href":"https:\/\/torclum.com\/es\/wp-json\/wp\/v2\/posts\/23044\/revisions"}],"wp:featuredmedia":[{"embeddable":true,"href":"https:\/\/torclum.com\/es\/wp-json\/wp\/v2\/media\/8705"}],"wp:attachment":[{"href":"https:\/\/torclum.com\/es\/wp-json\/wp\/v2\/media?parent=23044"}],"wp:term":[{"taxonomy":"category","embeddable":true,"href":"https:\/\/torclum.com\/es\/wp-json\/wp\/v2\/categories?post=23044"},{"taxonomy":"post_tag","embeddable":true,"href":"https:\/\/torclum.com\/es\/wp-json\/wp\/v2\/tags?post=23044"}],"curies":[{"name":"wp","href":"https:\/\/api.w.org\/{rel}","templated":true}]}}